{"id":17648,"date":"2021-06-02T10:15:00","date_gmt":"2021-06-02T08:15:00","guid":{"rendered":"https:\/\/pocolit.com\/?p=17648"},"modified":"2021-06-01T12:10:44","modified_gmt":"2021-06-01T10:10:44","slug":"radikale-zartlichkeit-warum-liebe-politisch-ist","status":"publish","type":"post","link":"https:\/\/pocolit.com\/en\/2021\/06\/02\/radikale-zartlichkeit-warum-liebe-politisch-ist\/","title":{"rendered":"Radikale Z\u00e4rtlichkeit \u2013 Warum Liebe politisch ist"},"content":{"rendered":"\n<p>\u015eeyda Kurt is a freelance journalist, moderator and author. Her work focuses on philosophy, culture, domestic politics, and intersectional feminism. Her book <em>Radikale Z\u00e4rtlichkeit \u2013 Warum Liebe politisch ist<\/em> (<em>Radical Tenderness &#8211; Why Love is Political, <\/em>not yet translated into English) was published by Harper Collins Germany in April 2021 and combines many of her main concerns. She relates how her starting point was a discomfort with common images of love that are shaped by power relations, which empty the word of any real content. This critical view of love evoked in her a preference for the term tenderness: implying ways of behaving that couldn\u2019t be further from any form of violence.<\/p>\n\n\n\n<p>I find Kurt&#8217;s idea of radical tenderness attractive: it is based on the thinking of scholarly voices like bell hooks, Eva Illouz, and Silvia Federici, whose work I value highly. The concept, and the book as a whole, express a heartfelt desire for a more just togetherness. It constitutes a project that tries to work against discriminatory structures in relation to work and the body. All this might not sound radically new at first, but in addition, Kurt explicitly anchors her arguments in a German postmigrant reality. This is what leads me to recommend <em>Radikale Z\u00e4rtlichkeit<\/em> even if you are already familiar with <em>All About Love<\/em> by bell hooks (which will finally be published in German in July 2021 as<em> alles \u00fcber Liebe<\/em>). References to Kurt&#8217;s own family of guest workers crop up again and again, as well as to Turkish-language films she grew up with in Cologne in the 1990s. The biographical references don\u2019t come without baggage of sorts, as Kurt correctly explains at the outset that the pressure to speak from the perspective of a marginalised person in order to lend validity to one&#8217;s expertise leads to further marginalization. It is a critical engagement of and with othering, of speaking of oneself as Other that is used in many recent books on issues critical of discrimination &#8211; for example, Emilia Roig&#8217;s <em>Why We Matter<\/em> or Alice Haster&#8217;s <em>Was wei\u00dfe Menschen nicht \u00fcber Rassismus h\u00f6ren wollen, aber wissen sollten<\/em>. Highlighting these issues will hopefully move the discourse forward.<\/p>\n\n\n\n<p>What I particularly liked about <em>Radikale Z\u00e4rtlichkeit<\/em> were the experimental and humorous formats that liven up the otherwise rather theoretical text. For example, Kurt makes up an interview with Karl Marx, writes an alternative alphabet of tenderness, and exchanges letters with Silvia Federici. Anyone looking for a glimmer of hope should grab this accessible book about a more tender togetherness.<\/p>\n","protected":false},"excerpt":{"rendered":"<p>The starting point for writing her book &#8220;Radical Tenderness &#8211; Why Love is Political&#8221; was a discomfort with common images of love that are shaped by power relations, which empty the word of any real content. This critical view of love evoked \u015eeyda Kurt&#8217;s preference for the term tenderness: implying ways of behaving that couldn\u2019t be further from any form of violence.<\/p>\n","protected":false},"author":3,"featured_media":17649,"comment_status":"closed","ping_status":"closed","sticky":false,"template":"","format":"standard","meta":{"_acf_changed":false,"footnotes":""},"categories":[103],"tags":[764,763,132,761,760,762],"class_list":["post-17648","post","type-post","status-publish","format-standard","has-post-thumbnail","hentry","category-review","tag-harper-collins-germany","tag-liebe","tag-non-fiction","tag-radikale-zartlichkeit","tag-seyda-kurt","tag-warum-liebe-politisch-ist"],"acf":[],"_links":{"self":[{"href":"https:\/\/pocolit.com\/en\/wp-json\/wp\/v2\/posts\/17648","targetHints":{"allow":["GET"]}}],"collection":[{"href":"https:\/\/pocolit.com\/en\/wp-json\/wp\/v2\/posts"}],"about":[{"href":"https:\/\/pocolit.com\/en\/wp-json\/wp\/v2\/types\/post"}],"author":[{"embeddable":true,"href":"https:\/\/pocolit.com\/en\/wp-json\/wp\/v2\/users\/3"}],"replies":[{"embeddable":true,"href":"https:\/\/pocolit.com\/en\/wp-json\/wp\/v2\/comments?post=17648"}],"version-history":[{"count":3,"href":"https:\/\/pocolit.com\/en\/wp-json\/wp\/v2\/posts\/17648\/revisions"}],"predecessor-version":[{"id":17653,"href":"https:\/\/pocolit.com\/en\/wp-json\/wp\/v2\/posts\/17648\/revisions\/17653"}],"wp:featuredmedia":[{"embeddable":true,"href":"https:\/\/pocolit.com\/en\/wp-json\/wp\/v2\/media\/17649"}],"wp:attachment":[{"href":"https:\/\/pocolit.com\/en\/wp-json\/wp\/v2\/media?parent=17648"}],"wp:term":[{"taxonomy":"category","embeddable":true,"href":"https:\/\/pocolit.com\/en\/wp-json\/wp\/v2\/categories?post=17648"},{"taxonomy":"post_tag","embeddable":true,"href":"https:\/\/pocolit.com\/en\/wp-json\/wp\/v2\/tags?post=17648"}],"curies":[{"name":"wp","href":"https:\/\/api.w.org\/{rel}","templated":true}]}}